{"id":2164,"date":"2018-11-19T11:30:18","date_gmt":"2018-11-19T11:30:18","guid":{"rendered":"http:\/\/192.168.0.250\/business\/?p=2164"},"modified":"2024-05-07T12:52:54","modified_gmt":"2024-05-07T17:52:54","slug":"we-really-appreciate-content-about-the-construction","status":"publish","type":"post","link":"https:\/\/asociacionchaviu.com\/index.php\/2018\/11\/19\/we-really-appreciate-content-about-the-construction\/","title":{"rendered":"\u201cLa mujer Nasa se empodera y ejerce sus derechos, econ\u00f3micos, pol\u00edticos, culturales y ambientales a trav\u00e9s del fortalecimiento de la seguridad alimentaria y la generaci\u00f3n de ingresos en torno al Agroecosistema \u201cTul-Huerta familiar\u201d."},"content":{"rendered":"\t\t<div data-elementor-type=\"wp-post\" data-elementor-id=\"2164\" class=\"elementor elementor-2164\">\n\t\t\t\t\t\t<section class=\"elementor-section elementor-top-section elementor-element elementor-element-7cfb8115 elementor-section-boxed elementor-section-height-default elementor-section-height-default\" data-id=\"7cfb8115\" data-element_type=\"section\" data-e-type=\"section\">\n\t\t\t\t\t\t<div class=\"elementor-container elementor-column-gap-default\">\n\t\t\t\t\t<div class=\"elementor-column elementor-col-100 elementor-top-column elementor-element elementor-element-75f6ace1\" data-id=\"75f6ace1\" data-element_type=\"column\" data-e-type=\"column\">\n\t\t\t<div class=\"elementor-widget-wrap elementor-element-populated\">\n\t\t\t\t\t\t<div class=\"elementor-element elementor-element-8bea36 elementor-widget elementor-widget-text-editor\" data-id=\"8bea36\" data-element_type=\"widget\" data-e-type=\"widget\" data-widget_type=\"text-editor.default\">\n\t\t\t\t<div class=\"elementor-widget-container\">\n\t\t\t\t\t\t\t\t\t\n<div class=\"wp-block-columns is-layout-flex wp-container-core-columns-is-layout-9d6595d7 wp-block-columns-is-layout-flex\">\n<div class=\"wp-block-column is-vertically-aligned-center is-layout-flow wp-block-column-is-layout-flow\"><div class=\"wp-block-image\">\n<figure class=\"aligncenter size-full\"><a href=\"www.bilbao.eus\"><img fetchpriority=\"high\" decoding=\"async\" width=\"300\" height=\"300\" class=\"wp-image-14530\" src=\"https:\/\/asociacionchaviu.com\/wp-content\/uploads\/2023\/01\/6372998544727c875f50f497_Logo-Ayunta-Bilbo-modified.png\" alt=\"\" srcset=\"https:\/\/asociacionchaviu.com\/wp-content\/uploads\/2023\/01\/6372998544727c875f50f497_Logo-Ayunta-Bilbo-modified.png 300w, https:\/\/asociacionchaviu.com\/wp-content\/uploads\/2023\/01\/6372998544727c875f50f497_Logo-Ayunta-Bilbo-modified-150x150.png 150w, https:\/\/asociacionchaviu.com\/wp-content\/uploads\/2023\/01\/6372998544727c875f50f497_Logo-Ayunta-Bilbo-modified-100x100.png 100w\" sizes=\"(max-width: 300px) 100vw, 300px\" \/><\/a><\/figure>\n<\/div><\/div>\n\n<div class=\"wp-block-column is-vertically-aligned-center is-layout-flow wp-block-column-is-layout-flow\"><div class=\"wp-block-image\">\n<figure class=\"aligncenter size-full\"><a href=\"https:\/\/asocolvas.es\/\"><img decoding=\"async\" width=\"500\" height=\"500\" class=\"wp-image-14531\" src=\"https:\/\/asociacionchaviu.com\/wp-content\/uploads\/2023\/01\/6373cb62ee36d3135b692200_162431547_248106607010581_4370093646543390998_n-modified-p-500.png\" alt=\"\" srcset=\"https:\/\/asociacionchaviu.com\/wp-content\/uploads\/2023\/01\/6373cb62ee36d3135b692200_162431547_248106607010581_4370093646543390998_n-modified-p-500.png 500w, https:\/\/asociacionchaviu.com\/wp-content\/uploads\/2023\/01\/6373cb62ee36d3135b692200_162431547_248106607010581_4370093646543390998_n-modified-p-500-300x300.png 300w, https:\/\/asociacionchaviu.com\/wp-content\/uploads\/2023\/01\/6373cb62ee36d3135b692200_162431547_248106607010581_4370093646543390998_n-modified-p-500-150x150.png 150w, https:\/\/asociacionchaviu.com\/wp-content\/uploads\/2023\/01\/6373cb62ee36d3135b692200_162431547_248106607010581_4370093646543390998_n-modified-p-500-100x100.png 100w\" sizes=\"(max-width: 500px) 100vw, 500px\" \/><\/a><\/figure>\n<\/div><\/div>\n\n<div class=\"wp-block-column is-vertically-aligned-center is-layout-flow wp-block-column-is-layout-flow\"><div class=\"wp-block-image\">\n<figure class=\"aligncenter size-full is-resized\"><a href=\"https:\/\/semillasdelagaitana.com\/\"><img decoding=\"async\" class=\"wp-image-14529\" src=\"https:\/\/asociacionchaviu.com\/wp-content\/uploads\/2023\/01\/637461f631e71837f94edcfd_ornusega-LOGO.webp\" alt=\"\" width=\"104\" height=\"144\" srcset=\"https:\/\/asociacionchaviu.com\/wp-content\/uploads\/2023\/01\/637461f631e71837f94edcfd_ornusega-LOGO.webp 321w, https:\/\/asociacionchaviu.com\/wp-content\/uploads\/2023\/01\/637461f631e71837f94edcfd_ornusega-LOGO-215x300.webp 215w\" sizes=\"(max-width: 104px) 100vw, 104px\" \/><\/a><\/figure>\n<\/div><\/div>\n\n<div class=\"wp-block-column is-vertically-aligned-center is-layout-flow wp-block-column-is-layout-flow\"><div class=\"wp-block-image\">\n<figure class=\"aligncenter size-full\"><a href=\"http:\/\/www.paez-cauca.gov.co\/\"><img loading=\"lazy\" decoding=\"async\" width=\"117\" height=\"102\" class=\"wp-image-14532\" src=\"https:\/\/asociacionchaviu.com\/wp-content\/uploads\/2023\/01\/6374299facd57a54218c5459_Group-48.png\" alt=\"\" \/><\/a><\/figure>\n<\/div><\/div>\n\n<div class=\"wp-block-column is-vertically-aligned-center is-layout-flow wp-block-column-is-layout-flow\"><div class=\"wp-block-image\">\n<figure class=\"aligncenter size-full is-resized\"><a href=\"https:\/\/tierradentro.co\/category\/resguardos\/huila\/\"><img loading=\"lazy\" decoding=\"async\" class=\"wp-image-14533\" src=\"https:\/\/asociacionchaviu.com\/wp-content\/uploads\/2023\/01\/63729a866ab2ffa82f31d7fb_Group-49.png\" alt=\"\" width=\"103\" height=\"100\" \/><\/a><\/figure>\n<\/div><\/div>\n<\/div>\n\n<h4 class=\"label-title\">Objetivos del Proyecto:<\/h4>\n<div class=\"rich-text-block w-richtext\">\n<ul role=\"list\">\n<li><strong>Empoderar a la mujer ind\u00edgena NASA\u00a0<\/strong>en el \u00e1mbito pol\u00edtico, organizativo, fortaleciendo la pol\u00edtica p\u00fablica de g\u00e9nero municipal y de los resguardos de Huila, Belalc\u00e1zar, T\u00e1laga y Cohetando, en el Municipio de Pa\u00e9z, Departamento del Cauca, Colombia.<\/li>\n<\/ul>\n<ul role=\"list\">\n<li><strong>Fortalecer el empoderamiento y autonom\u00eda econ\u00f3mica de la mujer Nasa<\/strong>\u00a0con la producci\u00f3n de alimentos sanos con direcci\u00f3n a los restaurantes escolares; y la generaci\u00f3n de ingresos de las mujeres por la venta de excedentes en los mercados locales,regionales y departamentales. Desde el enfoque de derechos fundamentales, se apunta al impulso de la autonom\u00eda econ\u00f3mica de la mujer.<\/li>\n<\/ul>\n<\/div>\n<p>\u00a0<\/p>\n<div class=\"wp-block-image\">\n<figure class=\"aligncenter size-large\"><img loading=\"lazy\" decoding=\"async\" width=\"1024\" height=\"461\" class=\"wp-image-14612\" src=\"https:\/\/asociacionchaviu.com\/wp-content\/uploads\/2023\/02\/638eb84dd218a8a46b6c4a4f_IMG-20220811-WA0033-1024x461.webp\" alt=\"\" srcset=\"https:\/\/asociacionchaviu.com\/wp-content\/uploads\/2023\/02\/638eb84dd218a8a46b6c4a4f_IMG-20220811-WA0033-1024x461.webp 1024w, https:\/\/asociacionchaviu.com\/wp-content\/uploads\/2023\/02\/638eb84dd218a8a46b6c4a4f_IMG-20220811-WA0033-300x135.webp 300w, https:\/\/asociacionchaviu.com\/wp-content\/uploads\/2023\/02\/638eb84dd218a8a46b6c4a4f_IMG-20220811-WA0033-768x346.webp 768w, https:\/\/asociacionchaviu.com\/wp-content\/uploads\/2023\/02\/638eb84dd218a8a46b6c4a4f_IMG-20220811-WA0033-1536x691.webp 1536w, https:\/\/asociacionchaviu.com\/wp-content\/uploads\/2023\/02\/638eb84dd218a8a46b6c4a4f_IMG-20220811-WA0033-600x270.webp 600w, https:\/\/asociacionchaviu.com\/wp-content\/uploads\/2023\/02\/638eb84dd218a8a46b6c4a4f_IMG-20220811-WA0033.webp 1600w\" sizes=\"(max-width: 1024px) 100vw, 1024px\" \/><\/figure>\n<\/div>\n<h4 class=\"wp-block-heading\">Objetivo uno:<\/h4>\n\n<h4 class=\"wp-block-heading\">Empoderar a la mujer ind\u00edgena NASA en el \u00e1mbito pol\u00edtico, organizativo, fortaleciendo la pol\u00edtica p\u00fablica de g\u00e9nero municipal y de los resguardos de Huila, Belalc\u00e1zar, T\u00e1laga y Cohetando, en el Municipio de Pa\u00e9z, Departamento del Cauca, Colombia.<\/h4>\n\n<p>Formar a 60 mujeres ind\u00edgenas para promover nuevos liderazgos y formaci\u00f3n pol\u00edtica para facilitar el reconocimiento y garant\u00edas para la representaci\u00f3n y participaci\u00f3n pol\u00edtica en las organizaciones, procesos sociales y su acceso a los espacios de decisi\u00f3n,en especial apunt\u00e1ndole a escenarios de post-conflicto. Seleccionadas por las autoridades de los cabildos y de las organizaciones de las mismas mujeres. \u00a0<\/p>\n\n<p>Se realizar\u00e1n un total de 6 eventos formativos en derechos pol\u00edticos y econ\u00f3micos de la mujer. \u00a0<\/p>\n\n<p>Para el desarrollo de estos eventos formativos se abordar\u00e1n tem\u00e1ticas en<\/p>\n\n<p>1.\u00a0\u00a0\u00a0legislaci\u00f3n nacional e ind\u00edgena,<\/p>\n\n<p>2.\u00a0\u00a0\u00a0liderazgo,<\/p>\n\n<p>3.\u00a0\u00a0\u00a0identidad y empoderamiento de g\u00e9nero,<\/p>\n\n<p>4.\u00a0\u00a0\u00a0desarrollo rural desde el enfoque de g\u00e9nero<\/p>\n\n<ul class=\"wp-block-list\">\n<li>Fortalecer t\u00e9cnicamente en proyectos de equidad de g\u00e9nero a los socios locales, la Asociaci\u00f3n CHAVIU y la Asociaci\u00f3n UYWESX GAITANA FIW-Semillas de la Gaitana.<\/li>\n\n<li>Apoyara la institucionalidad local en la difusi\u00f3n y puesta en marcha de la pol\u00edtica p\u00fablica municipal de Equidad de g\u00e9nero del Municipio de P\u00e1ez, Cauca.<\/li>\n\n<li>Se editar\u00e1 una cartilla en Nasa Yuwe y castellano para que sea entregada a las beneficiarias, al colegio Benjam\u00edn Dindicu\u00e9 y a la propia Alcald\u00eda para facilitar su trabajo de apropiaci\u00f3n de funcionarios y funcionarias.<\/li>\n\n<li>Se realizar\u00e1 un evento masivo-asamblea de sensibilizaci\u00f3n, reivindicaci\u00f3n,difusi\u00f3n de los Derechos de la mujer y su empoderamiento como agente activo protag\u00f3nico del desarrollo de toda \u00edndole en el municipio de P\u00e1ez, y la lucha contra la violencia hacia ella. Esto se dar\u00e1 en fecha especial internacional,en la cabecera municipal, con el apoyo de la Alcald\u00eda para generar un mayor impacto poblacional.<\/li>\n\n<li>Se desarrollar\u00e1n dos eventos formativos eventos de difusi\u00f3n y reconocimiento del papel de la mujer en las estructuras culturales, organizativas y econ\u00f3micas dirigidos exclusivamente a hombres, con un componente de sensibilizaci\u00f3n en NUEVAS MASCULINIDADES con este trabajo ya tiene el antecedente positivo, en el a\u00f1o 2019 la celebraci\u00f3n del d\u00eda de la mujer en uno de sus espacios solo se cont\u00f3 con hombres. Se trabajar\u00e1 espec\u00edficamente con los miembros del cabildo hombres en Nuevas masculinidades en el contexto de las comunidades ind\u00edgenas NASA. Este aspecto es fundamental para impulsar los cambios de mentalidad desde los j\u00f3venes especialmente en su relacionamiento con la mujer y el respeto a su papel en la sociedad. Esto ir\u00e1 dirigido a 15 hombres por resguardo y a la guardia ind\u00edgena<\/li>\n<\/ul>\n\n<p>\u200d<\/p>\n\n<figure class=\"wp-block-image size-large\"><img loading=\"lazy\" decoding=\"async\" width=\"1024\" height=\"683\" class=\"wp-image-14537\" src=\"https:\/\/asociacionchaviu.com\/wp-content\/uploads\/2023\/02\/IMG_0386-1024x683.jpg\" alt=\"\" srcset=\"https:\/\/asociacionchaviu.com\/wp-content\/uploads\/2023\/02\/IMG_0386-1024x683.jpg 1024w, https:\/\/asociacionchaviu.com\/wp-content\/uploads\/2023\/02\/IMG_0386-300x200.jpg 300w, https:\/\/asociacionchaviu.com\/wp-content\/uploads\/2023\/02\/IMG_0386-768x512.jpg 768w, https:\/\/asociacionchaviu.com\/wp-content\/uploads\/2023\/02\/IMG_0386-1536x1024.jpg 1536w, https:\/\/asociacionchaviu.com\/wp-content\/uploads\/2023\/02\/IMG_0386-2048x1365.jpg 2048w, https:\/\/asociacionchaviu.com\/wp-content\/uploads\/2023\/02\/IMG_0386-600x400.jpg 600w\" sizes=\"(max-width: 1024px) 100vw, 1024px\" \/><\/figure>\n\n<h4 class=\"wp-block-heading\">Objetivo dos:<\/h4>\n\n<h4 class=\"wp-block-heading\">Fortalecer el empoderamiento y autonom\u00eda econ\u00f3mica de la mujer Nasa con la producci\u00f3n de alimentos sanos con direcci\u00f3n a los restaurantes escolares; y la generaci\u00f3n de ingresos de las mujeres por la venta de excedentes en los mercados locales,regionales y departamentales. Desde el enfoque de derechos fundamentales, se apunta al impulso de la autonom\u00eda econ\u00f3mica de la mujer.<\/h4>\n\n<p>Se apoyar\u00e1 el fortalecimiento de la huerta familiar Nasa\u2014TUL NASA-. Esta es la fuente principal de los alimentos sanos que se consumen en el hogar y a su vez puede generar excedentes para la entrada de recursos para las mujeres de los resguardos, desde el enfoque del Consumo Responsable y la agro ecolog\u00eda.<\/p>\n\n<p>Comercializar los excedentes a nivel local en la cabecera municipal del municipio de P\u00e1ez; en zonas del Departamento del Huila, que se encuentra a 40 kms en el municipio de la Plata; y en la capital departamental del Cauca, Popay\u00e1n a 140 kil\u00f3metros de la zona, para promover el consumo responsable e incentivar en la ciudad la compra de productos de comercio justo. Importante mencionar que, en los 17 resguardos ind\u00edgenas del Municipio de P\u00e1ez, incluido Huila, financiado por el Estado colombiano, existe el Plan de Alimentaci\u00f3n Escolar. Este dota de desayuno y almuerzo a todos los 614 estudiantes del colegio Benjam\u00edn Dindicu\u00e9.<\/p>\n\n<p>El Plan de Alimentaci\u00f3n Escolar es operado actualmente por Semillas de la Gaitana, qui\u00e9n es la encargada de la compra y distribuci\u00f3n de los alimentos. Una buena parte de los productos derivados de los 200 tules, ser\u00e1n comprados por el Plan de Alimentaci\u00f3n escolar y los excedentes a los restaurantes escolares con lo que se garantiza la comercializaci\u00f3n<\/p>\n\n<ul class=\"wp-block-list\">\n<li>Se dictar\u00edan 4 talleres en el colegio para las mujeres en nutrici\u00f3n y preparaci\u00f3n de platos propios de las comunidades ind\u00edgenas y la inclusi\u00f3n de otros externos, en el uso eficiente y responsable, sano y gustoso de los productos del tul. A ello se le denominar\u00e1 \u201cRescate de saberes y sabores\u201d.<\/li>\n\n<li>Se editar\u00e1 una cartilla con las recetas que se aprender\u00e1n a preparar en el programa \u201cRescate de saberes y sabores\u201d.<\/li>\n\n<li>Asimismo,se instalar\u00edan o fortalecer\u00edan con insumos agr\u00edcolas y especies menores 200 tules, dirigidos por mujeres. Esto quedar\u00e1 constatado en documentos firmados o con huella dactilar antes de instalar los 200 Agro ecosistema Tul-huerta familiar.<\/li>\n\n<li>Se brindar\u00edan 4 talleres en Agro ecolog\u00eda con \u00e9nfasis en la producci\u00f3n de abonos org\u00e1nicos en cada TUL, dise\u00f1o del tul y comercializaci\u00f3n de los productos derivados del mismo y herramientas contra el cambio clim\u00e1tico; y se contar\u00eda con asistencia t\u00e9cnica permanente todos los procesos de instalaci\u00f3n,programaci\u00f3n, dise\u00f1o, producci\u00f3n y comercializaci\u00f3n. Para ello se contar\u00eda tanto con personal del proyecto, como de la Alcald\u00eda Municipal. Este componente ir\u00eda dirigido tanto a las beneficiarias directas como a la comunidad del resguardo de Huila en general para un mayor impacto.<\/li>\n<\/ul>\n\n<figure class=\"wp-block-image size-large\"><img loading=\"lazy\" decoding=\"async\" width=\"1024\" height=\"461\" class=\"wp-image-14538\" src=\"https:\/\/asociacionchaviu.com\/wp-content\/uploads\/2023\/02\/IMG-20220811-WA0052-1024x461.webp\" alt=\"\" srcset=\"https:\/\/asociacionchaviu.com\/wp-content\/uploads\/2023\/02\/IMG-20220811-WA0052-1024x461.webp 1024w, https:\/\/asociacionchaviu.com\/wp-content\/uploads\/2023\/02\/IMG-20220811-WA0052-300x135.webp 300w, https:\/\/asociacionchaviu.com\/wp-content\/uploads\/2023\/02\/IMG-20220811-WA0052-768x346.webp 768w, https:\/\/asociacionchaviu.com\/wp-content\/uploads\/2023\/02\/IMG-20220811-WA0052-1536x691.webp 1536w, https:\/\/asociacionchaviu.com\/wp-content\/uploads\/2023\/02\/IMG-20220811-WA0052-600x270.webp 600w, https:\/\/asociacionchaviu.com\/wp-content\/uploads\/2023\/02\/IMG-20220811-WA0052.webp 1600w\" sizes=\"(max-width: 1024px) 100vw, 1024px\" \/><\/figure>\n\n<h4 class=\"wp-block-heading\">Objetivo complementario:<\/h4>\n\n<p><strong>Se construir\u00e1n las p\u00e1ginas web de los socios locales<\/strong>\u00a0con el fin de realizar una mayor difusi\u00f3n de su trabajo y generar sostenibilidad de la propuesta, instalaci\u00f3n de una p\u00e1gina en Facebook e Instagram, utilizaci\u00f3n de otras herramientas como el uso de m\u00e9todos tradicionales de informaci\u00f3n y difusi\u00f3n como eso uso de un espacio en la radio comunitaria de la Asociaci\u00f3n de cabildos del municipio de P\u00e1ez, y su revista de difusi\u00f3n.<\/p>\n\n<h4 class=\"wp-block-heading\">Si quieres conocer mas, mira la cartilla del proyecto<\/h4>\n\n<p>\u00a0<\/p>\n\t\t\t\t\t\t\t\t<\/div>\n\t\t\t\t<\/div>\n\t\t\t\t\t<\/div>\n\t\t<\/div>\n\t\t\t\t\t<\/div>\n\t\t<\/section>\n\t\t\t\t<section class=\"elementor-section elementor-top-section elementor-element elementor-element-fa449df elementor-section-boxed elementor-section-height-default elementor-section-height-default\" data-id=\"fa449df\" data-element_type=\"section\" data-e-type=\"section\">\n\t\t\t\t\t\t<div class=\"elementor-container elementor-column-gap-default\">\n\t\t\t\t\t<div class=\"elementor-column elementor-col-100 elementor-top-column elementor-element elementor-element-640243a\" data-id=\"640243a\" data-element_type=\"column\" data-e-type=\"column\">\n\t\t\t<div class=\"elementor-widget-wrap elementor-element-populated\">\n\t\t\t\t\t\t<div class=\"elementor-element elementor-element-09a960b elementor-widget elementor-widget-rs-button\" data-id=\"09a960b\" data-element_type=\"widget\" data-e-type=\"widget\" data-widget_type=\"rs-button.default\">\n\t\t\t\t<div class=\"elementor-widget-container\">\n\t\t\t\t\t\t\t\r\n\t\t\t\t\t<div class=\"rs-btn style1 gaming_btn_no\">\r\n\t\t\t\t\t\t\t\t<a class=\"rs_button\" href=\"\" >\t\t\t\t\r\n\t\t\t\t\t<span class=\"btn_text\">Ver Cartilla<\/span>\r\n\t\t\t\t\t\t\t\t\t\t\t<i class=\"fa fa fa-angle-right\"><\/i>\r\n\t\t\t\t\t\t\t\t\t<\/a>\r\n\t\t\t<\/div> \r\n\t\t   \r\n\t\t\t\t\t<\/div>\n\t\t\t\t<\/div>\n\t\t\t\t\t<\/div>\n\t\t<\/div>\n\t\t\t\t\t<\/div>\n\t\t<\/section>\n\t\t\t\t<\/div>\n\t\t","protected":false},"excerpt":{"rendered":"<p>Objetivos del Proyecto: Empoderar a la mujer ind\u00edgena NASA\u00a0en el \u00e1mbito pol\u00edtico, organizativo, fortaleciendo la pol\u00edtica p\u00fablica de g\u00e9nero municipal y de los resguardos de Huila, Belalc\u00e1zar, T\u00e1laga y Cohetando, en el Municipio de Pa\u00e9z, Departamento del Cauca, Colombia. Fortalecer el empoderamiento y autonom\u00eda econ\u00f3mica de la mujer Nasa\u00a0con la producci\u00f3n de alimentos sanos con&#8230;<\/p>\n","protected":false},"author":1,"featured_media":14527,"comment_status":"closed","ping_status":"open","sticky":false,"template":"","format":"standard","meta":{"footnotes":""},"categories":[82],"tags":[],"class_list":["post-2164","post","type-post","status-publish","format-standard","has-post-thumbnail","hentry","category-proyectos"],"_links":{"self":[{"href":"https:\/\/asociacionchaviu.com\/index.php\/wp-json\/wp\/v2\/posts\/2164","targetHints":{"allow":["GET"]}}],"collection":[{"href":"https:\/\/asociacionchaviu.com\/index.php\/wp-json\/wp\/v2\/posts"}],"about":[{"href":"https:\/\/asociacionchaviu.com\/index.php\/wp-json\/wp\/v2\/types\/post"}],"author":[{"embeddable":true,"href":"https:\/\/asociacionchaviu.com\/index.php\/wp-json\/wp\/v2\/users\/1"}],"replies":[{"embeddable":true,"href":"https:\/\/asociacionchaviu.com\/index.php\/wp-json\/wp\/v2\/comments?post=2164"}],"version-history":[{"count":7,"href":"https:\/\/asociacionchaviu.com\/index.php\/wp-json\/wp\/v2\/posts\/2164\/revisions"}],"predecessor-version":[{"id":14623,"href":"https:\/\/asociacionchaviu.com\/index.php\/wp-json\/wp\/v2\/posts\/2164\/revisions\/14623"}],"wp:featuredmedia":[{"embeddable":true,"href":"https:\/\/asociacionchaviu.com\/index.php\/wp-json\/wp\/v2\/media\/14527"}],"wp:attachment":[{"href":"https:\/\/asociacionchaviu.com\/index.php\/wp-json\/wp\/v2\/media?parent=2164"}],"wp:term":[{"taxonomy":"category","embeddable":true,"href":"https:\/\/asociacionchaviu.com\/index.php\/wp-json\/wp\/v2\/categories?post=2164"},{"taxonomy":"post_tag","embeddable":true,"href":"https:\/\/asociacionchaviu.com\/index.php\/wp-json\/wp\/v2\/tags?post=2164"}],"curies":[{"name":"wp","href":"https:\/\/api.w.org\/{rel}","templated":true}]}}